{"id":838,"count":13,"description":"Olcs\u00f3 medencefed\u00e9s\n<strong>\u00dcvegh\u00e1z mint medencefed\u00e9s \u2013 okos \u00e9s megfizethet\u0151 megold\u00e1s<\/strong>\nHat\u00e9kony \u00e9s eszt\u00e9tikus m\u00f3dot keres medenc\u00e9j\u00e9nek v\u00e9delm\u00e9re a szennyez\u0151d\u00e9sekt\u0151l, a h\u0151vesztes\u00e9gt\u0151l vagy a rossz id\u0151j\u00e1r\u00e1st\u00f3l? Az \u00edves szerkezet\u0171 polikarbon\u00e1t \u00fcvegh\u00e1zak praktikus \u00e9s k\u00f6lts\u00e9ghat\u00e9kony alternat\u00edv\u00e1t jelentenek a klasszikus medence tet\u0151fed\u00e9s\u00e9vel szemben. \nRobusztus fel\u00e9p\u00edt\u00e9s\u00fcknek, k\u00f6nnyen cs\u00fasztathat\u00f3 paneljeiknek \u00e9s a teljes vagy r\u00e9szleges nyit\u00e1s lehet\u0151s\u00e9g\u00e9nek k\u00f6sz\u00f6nhet\u0151en nemcsak n\u00f6v\u00e9nytermeszt\u00e9shez, hanem <strong>t\u00f6bbc\u00e9l\u00fa medenceburkolatk\u00e9nt<\/strong> is ide\u00e1lisak. Az \u00fcvegh\u00e1z megv\u00e9di a vizet az es\u0151t\u0151l, a levelekt\u0151l \u00e9s a port\u00f3l, fenntartja a magasabb v\u00edzh\u0151m\u00e9rs\u00e9kletet, \u00e9s lehet\u0151v\u00e9 teszi az \u00fasz\u00e1st m\u00e9g rosszabb id\u0151ben is. T\u00e9len megakad\u00e1lyozza a medence k\u00f6r\u00fcli ter\u00fclet fagy\u00e1s\u00e1t \u00e9s v\u00e9di a medence technol\u00f3gi\u00e1j\u00e1t.  ","link":"https:\/\/agroflex.cz\/hu\/kategorie-produktu\/a-medence-lefedese\/","name":"A MEDENCE LEFED\u00c9SE","slug":"a-medence-lefedese","taxonomy":"product_cat","parent":0,"meta":[],"_links":{"self":[{"href":"https:\/\/agroflex.cz\/hu\/wp-json\/wp\/v2\/product_cat\/838","targetHints":{"allow":["GET"]}}],"collection":[{"href":"https:\/\/agroflex.cz\/hu\/wp-json\/wp\/v2\/product_cat"}],"about":[{"href":"https:\/\/agroflex.cz\/hu\/wp-json\/wp\/v2\/taxonomies\/product_cat"}],"wp:post_type":[{"href":"https:\/\/agroflex.cz\/hu\/wp-json\/wp\/v2\/product?product_cat=838"}],"curies":[{"name":"wp","href":"https:\/\/api.w.org\/{rel}","templated":true}]}}